{"id":2146,"date":"2015-06-10T00:00:00","date_gmt":"2015-06-10T04:00:00","guid":{"rendered":"https:\/\/www.photoderma.ca\/temoignage-de-madame-veronique-bourgault\/"},"modified":"2019-12-02T11:44:31","modified_gmt":"2019-12-02T16:44:31","slug":"temoignage-de-madame-veronique-bourgault","status":"publish","type":"post","link":"https:\/\/www.photoderma.ca\/en\/temoignage-de-madame-veronique-bourgault\/","title":{"rendered":"T\u00e9moignage de Madame V\u00e9ronique Bourgault"},"content":{"rendered":"<p><img loading=\"lazy\" decoding=\"async\" class=\" size-full wp-image-17105 alignleft\" src=\"https:\/\/www.photoderma.ca\/wp-content\/uploads\/2019\/11\/photoderma_veronique_bourgault.jpg\" alt=\"photoderma_veronique_bourgault\" width=\"280\" height=\"280\" \/>Mon exp\u00e9rience chez Photoderma a commenc\u00e9 comme suit\u00a0:<\/p>\n<p>J\u2019\u00e9tais \u00e0 la recherche d\u2019une clinique d\u2019esth\u00e9tique m\u00e9dicale pour des traitements de cellulite car c\u2019est important pour moi d\u2019avoir de belles jambes.<\/p>\n<p>Apr\u00e8s une recherche sur internet, j\u2019ai d\u00e9couvert la clinique Photoderma \u00e0 Repentigny, j\u2019ai aim\u00e9 leur approche et ma technicienne Myriam Dufour est tr\u00e8s professionnelle et \u00e0 l\u2019\u00e9coute de mes besoins.<\/p>\n<p>Mes s\u00e9ances d\u2019endermologie m\u2019ont fait du bien autant physiquement que psychologiquement, le cot\u00e9 tr\u00e8s humain et chaleureux de Myriam m\u2019a rapidement mis \u00e0 l\u2019aise et a ainsi laisser place \u00e0 des confidences.<\/p>\n<p>Je crois que le fait d\u2019\u00eatre sur le march\u00e9 du travail et c\u00f4toyer les gens, nous am\u00e8ne \u00e0 vouloir toujours paraitre bien et se sentir belle, les soins m\u00e9dico-esth\u00e9tiques sont la solution pour moi pour y arriver.<\/p>\n<p>J\u2019ai adopt\u00e9 les traitements d\u2019endermologie et maintenant et je suis tr\u00e8s satisfaite de ma silhouette.<\/p>\n<p>[blockquote text=&#8221;la confiance pour moi c\u2019est de me sentir belle et bien dans mon corps&#8221; text_color=&#8221;&#8221; width=&#8221;&#8221; line_height=&#8221;undefined&#8221; background_color=&#8221;&#8221; border_color=&#8221;&#8221; show_quote_icon=&#8221;yes&#8221; quote_icon_color=&#8221;#85c9dc&#8221;]<\/p>\n","protected":false},"excerpt":{"rendered":"<p>Mon exp\u00e9rience chez Photoderma a commenc\u00e9 comme suit\u00a0: J\u2019\u00e9tais \u00e0 la recherche d\u2019une clinique d\u2019esth\u00e9tique m\u00e9dicale pour des traitements de cellulite car c\u2019est important pour moi d\u2019avoir de belles jambes. Apr\u00e8s une recherche sur internet, j\u2019ai d\u00e9couvert la clinique Photoderma \u00e0 Repentigny, j\u2019ai aim\u00e9 leur approche et ma technicienne Myriam Dufour est tr\u00e8s professionnelle et [&hellip;]<\/p>\n","protected":false},"author":12,"featured_media":1857,"comment_status":"open","ping_status":"open","sticky":false,"template":"","format":"standard","meta":{"ocean_post_layout":"","ocean_both_sidebars_style":"","ocean_both_sidebars_content_width":0,"ocean_both_sidebars_sidebars_width":0,"ocean_sidebar":"","ocean_second_sidebar":"","ocean_disable_margins":"enable","ocean_add_body_class":"","ocean_shortcode_before_top_bar":"","ocean_shortcode_after_top_bar":"","ocean_shortcode_before_header":"","ocean_shortcode_after_header":"","ocean_has_shortcode":"","ocean_shortcode_after_title":"","ocean_shortcode_before_footer_widgets":"","ocean_shortcode_after_footer_widgets":"","ocean_shortcode_before_footer_bottom":"","ocean_shortcode_after_footer_bottom":"","ocean_display_top_bar":"default","ocean_display_header":"default","ocean_header_style":"","ocean_center_header_left_menu":"","ocean_custom_header_template":"","ocean_custom_logo":0,"ocean_custom_retina_logo":0,"ocean_custom_logo_max_width":0,"ocean_custom_logo_tablet_max_width":0,"ocean_custom_logo_mobile_max_width":0,"ocean_custom_logo_max_height":0,"ocean_custom_logo_tablet_max_height":0,"ocean_custom_logo_mobile_max_height":0,"ocean_header_custom_menu":"","ocean_menu_typo_font_family":"","ocean_menu_typo_font_subset":"","ocean_menu_typo_font_size":0,"ocean_menu_typo_font_size_tablet":0,"ocean_menu_typo_font_size_mobile":0,"ocean_menu_typo_font_size_unit":"px","ocean_menu_typo_font_weight":"","ocean_menu_typo_font_weight_tablet":"","ocean_menu_typo_font_weight_mobile":"","ocean_menu_typo_transform":"","ocean_menu_typo_transform_tablet":"","ocean_menu_typo_transform_mobile":"","ocean_menu_typo_line_height":0,"ocean_menu_typo_line_height_tablet":0,"ocean_menu_typo_line_height_mobile":0,"ocean_menu_typo_line_height_unit":"","ocean_menu_typo_spacing":0,"ocean_menu_typo_spacing_tablet":0,"ocean_menu_typo_spacing_mobile":0,"ocean_menu_typo_spacing_unit":"","ocean_menu_link_color":"","ocean_menu_link_color_hover":"","ocean_menu_link_color_active":"","ocean_menu_link_background":"","ocean_menu_link_hover_background":"","ocean_menu_link_active_background":"","ocean_menu_social_links_bg":"","ocean_menu_social_hover_links_bg":"","ocean_menu_social_links_color":"","ocean_menu_social_hover_links_color":"","ocean_disable_title":"default","ocean_disable_heading":"default","ocean_post_title":"","ocean_post_subheading":"","ocean_post_title_style":"","ocean_post_title_background_color":"","ocean_post_title_background":0,"ocean_post_title_bg_image_position":"","ocean_post_title_bg_image_attachment":"","ocean_post_title_bg_image_repeat":"","ocean_post_title_bg_image_size":"","ocean_post_title_height":0,"ocean_post_title_bg_overlay":0.5,"ocean_post_title_bg_overlay_color":"","ocean_disable_breadcrumbs":"default","ocean_breadcrumbs_color":"","ocean_breadcrumbs_separator_color":"","ocean_breadcrumbs_links_color":"","ocean_breadcrumbs_links_hover_color":"","ocean_display_footer_widgets":"default","ocean_display_footer_bottom":"default","ocean_custom_footer_template":"","ocean_post_oembed":"","ocean_post_self_hosted_media":"","ocean_post_video_embed":"","ocean_link_format":"","ocean_link_format_target":"self","ocean_quote_format":"","ocean_quote_format_link":"post","ocean_gallery_link_images":"on","ocean_gallery_id":[],"footnotes":""},"categories":[59,62],"tags":[],"class_list":["post-2146","post","type-post","status-publish","format-standard","has-post-thumbnail","hentry","category-blog","category-soins-de-beaute-en","entry","has-media","owp-thumbs-layout-horizontal","owp-btn-very-big","owp-tabs-layout-section","has-no-thumbnails","circle-sale"],"_links":{"self":[{"href":"https:\/\/www.photoderma.ca\/en\/wp-json\/wp\/v2\/posts\/2146","targetHints":{"allow":["GET"]}}],"collection":[{"href":"https:\/\/www.photoderma.ca\/en\/wp-json\/wp\/v2\/posts"}],"about":[{"href":"https:\/\/www.photoderma.ca\/en\/wp-json\/wp\/v2\/types\/post"}],"author":[{"embeddable":true,"href":"https:\/\/www.photoderma.ca\/en\/wp-json\/wp\/v2\/users\/12"}],"replies":[{"embeddable":true,"href":"https:\/\/www.photoderma.ca\/en\/wp-json\/wp\/v2\/comments?post=2146"}],"version-history":[{"count":0,"href":"https:\/\/www.photoderma.ca\/en\/wp-json\/wp\/v2\/posts\/2146\/revisions"}],"wp:featuredmedia":[{"embeddable":true,"href":"https:\/\/www.photoderma.ca\/en\/wp-json\/wp\/v2\/media\/1857"}],"wp:attachment":[{"href":"https:\/\/www.photoderma.ca\/en\/wp-json\/wp\/v2\/media?parent=2146"}],"wp:term":[{"taxonomy":"category","embeddable":true,"href":"https:\/\/www.photoderma.ca\/en\/wp-json\/wp\/v2\/categories?post=2146"},{"taxonomy":"post_tag","embeddable":true,"href":"https:\/\/www.photoderma.ca\/en\/wp-json\/wp\/v2\/tags?post=2146"}],"curies":[{"name":"wp","href":"https:\/\/api.w.org\/{rel}","templated":true}]}}